{"id":61586,"date":"2023-09-14T08:35:43","date_gmt":"2023-09-14T06:35:43","guid":{"rendered":"https:\/\/www.remorides.com\/?p=61586"},"modified":"2023-10-03T15:42:21","modified_gmt":"2023-10-03T13:42:21","slug":"remorides-rejoint-le-groupe-dylog","status":"publish","type":"post","link":"https:\/\/www.remorides.com\/fr\/nouvelles\/remorides-rejoint-le-groupe-dylog\/","title":{"rendered":"Remorides rejoint le Groupe Dylog"},"content":{"rendered":"<section class=\"wpb-content-wrapper\"><p>[vc_row][vc_column][vc_column_text]Le Groupe Dylog renforce son expertise dans la gestion des syst\u00e8mes industriels avec l&rsquo;acquisition de Remorides s.r.l.<\/p>\n<p>Remorides, la soci\u00e9t\u00e9 bas\u00e9e \u00e0 Mantoue qui a r\u00e9volutionn\u00e9 le monde des inspections et des contr\u00f4les critiques, entre dans le <a href=\"https:\/\/www.dylog.it\/\">Groupe Dylog<\/a> par le biais du v\u00e9hicule de <a href=\"https:\/\/www.tesar.it\/\">Tesar S.p.A.<\/a>, la soci\u00e9t\u00e9 du Groupe qui m\u00e8ne le d\u00e9veloppement de solutions pour l&rsquo;industrie.<\/p>\n<p>Remorides est \u00e9tablie depuis 2013 pour la gestion s\u00fbre des actifs critiques et la num\u00e9risation des processus, en particulier dans le secteur de la maintenance et de l&rsquo;inspection, y compris dans les environnements r\u00e9glement\u00e9s. Plus r\u00e9cemment, elle a consolid\u00e9 sa pr\u00e9sence sur les march\u00e9s des sciences de la vie, en mettant en \u0153uvre des solutions valid\u00e9es pour le traitement de l&rsquo;int\u00e9grit\u00e9 des donn\u00e9es. La suite de produits comprend des solutions pour l&rsquo;industrie et le monde du facility management, de l&rsquo;inspection et des parcs d&rsquo;attraction, et r\u00e9pond aux demandes croissantes de d\u00e9mat\u00e9rialisation.<\/p>\n<p>&nbsp;<\/p>\n<p>Avec cette transaction, les partenaires renforcent leur position dans le secteur industriel, en am\u00e9liorant l&rsquo;acc\u00e8s au march\u00e9 et en d\u00e9passant l&rsquo;approche conventionnelle de la gestion de la production gr\u00e2ce \u00e0 l&rsquo;int\u00e9gration de technologies orient\u00e9es vers l&rsquo;informatique et la conformit\u00e9 dans les syst\u00e8mes MES.<\/p>\n<p>&nbsp;<\/p>\n<p>C&rsquo;est avec grand plaisir que Remorides accueille Tesar en tant qu&rsquo;actionnaire majoritaire et entre dans le groupe Dylog, l&rsquo;un des principaux acteurs informatiques nationaux\u00a0\u00bb, explique <strong>Mario Savini, administrateur d\u00e9l\u00e9gu\u00e9 de Remorides<\/strong>, \u00ab\u00a0Cette synergie nous permettra de nous activer sur de nouveaux march\u00e9s et segments pour lesquels notre technologie peut cr\u00e9er une grande valeur ajout\u00e9e\u00a0\u00bb.<\/p>\n<p>&nbsp;<\/p>\n<p>Les aspirations et les valeurs de l&rsquo;entreprise en mati\u00e8re d&rsquo;innovation par le d\u00e9veloppement et l&rsquo;int\u00e9gration des excellences de Remorides co\u00efncident avec les n\u00f4tres\u00a0\u00bb, d\u00e9clare <strong>Stefano Festa, administrateur d\u00e9l\u00e9gu\u00e9 de Tesar S.p.A.<\/strong> \u00ab\u00a0Gr\u00e2ce \u00e0 la collaboration avec les diff\u00e9rentes r\u00e9alit\u00e9s du groupe, il sera possible d&rsquo;aborder les activit\u00e9s de R&amp;D de mani\u00e8re multidisciplinaire, en vertu des nouvelles comp\u00e9tences et domaines technologiques dans des domaines tels que l&rsquo;utilisation industrielle du mobilier, la gestion des activit\u00e9s d&rsquo;inspection et de contr\u00f4le, la num\u00e9risation des processus, la conformit\u00e9 et la gestion des actifs, et la s\u00e9curit\u00e9 des \u00e9quipements et des processus de production\u00a0\u00bb.<\/p>\n<p>&nbsp;<\/p>\n<p>L&rsquo;acquisition de Remorides \u00ab\u00a0, d\u00e9clare <strong>Rinaldo Ocleppo, pr\u00e9sident de Dylog Italia S.p.a.<\/strong>, \u00a0\u00bb nous permet de renforcer notre offre dans la Business Unit d\u00e9di\u00e9e aux services pour l&rsquo;industrie, en am\u00e9liorant encore nos services de soutien aux processus de production et \u00e0 la num\u00e9risation, un domaine dans lequel le Groupe aspire \u00e0 jouer un r\u00f4le de plus en plus important \u00ab\u00a0.<\/p>\n<p>&nbsp;<\/p>\n<p>&nbsp;<\/p>\n<p>[\/vc_column_text][\/vc_column][\/vc_row][vc_row][vc_column]<style type=\"text\/css\" data-type=\"the7_shortcodes-inline-css\">#default-btn-087ea4b636f8a647cd7cf7714fb00c45.ico-right-side > i {\n  margin-right: 0px;\n  margin-left: 8px;\n}\n#default-btn-087ea4b636f8a647cd7cf7714fb00c45 > i {\n  margin-right: 8px;\n}\n<\/style><a href=\"https:\/\/www.remorides.com\/wp-content\/uploads\/2023\/09\/CS_Remorides.pdf\" class=\"default-btn-shortcode dt-btn dt-btn-s link-hover-off btn-inline-left \" id=\"default-btn-087ea4b636f8a647cd7cf7714fb00c45\"><span>Leggi il Comunicato Ufficiale<\/span><\/a>[\/vc_column][\/vc_row]<\/p>\n<\/section>","protected":false},"excerpt":{"rendered":"<p>[vc_row][vc_column][vc_column_text]Le Groupe Dylog renforce son expertise dans la gestion des syst\u00e8mes industriels avec l&rsquo;acquisition de Remorides s.r.l. Remorides, la soci\u00e9t\u00e9 bas\u00e9e \u00e0 Mantoue qui a r\u00e9volutionn\u00e9 le monde des inspections et des contr\u00f4les critiques, entre dans le Groupe Dylog par le biais du v\u00e9hicule de Tesar S.p.A., la soci\u00e9t\u00e9 du Groupe qui m\u00e8ne le d\u00e9veloppement&hellip;<\/p>\n","protected":false},"author":3,"featured_media":61553,"comment_status":"closed","ping_status":"closed","sticky":false,"template":"","format":"standard","meta":{"_acf_changed":false,"footnotes":""},"categories":[534],"tags":[],"area":[],"typology":[],"class_list":["post-61586","post","type-post","status-publish","format-standard","has-post-thumbnail","hentry","category-nouvelles","category-534","description-off"],"acf":[],"yoast_head":"<!-- This site is optimized with the Yoast SEO plugin v27.5 - https:\/\/yoast.com\/product\/yoast-seo-wordpress\/ -->\n<title>Remorides rejoint le Groupe Dylog - Remorides<\/title>\n<meta name=\"robots\" content=\"index, follow, max-snippet:-1, max-image-preview:large, max-video-preview:-1\" \/>\n<link rel=\"canonical\" href=\"https:\/\/www.remorides.com\/fr\/nouvelles\/remorides-rejoint-le-groupe-dylog\/\" \/>\n<meta property=\"og:locale\" content=\"fr_FR\" \/>\n<meta property=\"og:type\" content=\"article\" \/>\n<meta property=\"og:title\" content=\"Remorides rejoint le Groupe Dylog - Remorides\" \/>\n<meta property=\"og:description\" content=\"[vc_row][vc_column][vc_column_text]Le Groupe Dylog renforce son expertise dans la gestion des syst\u00e8mes industriels avec l&rsquo;acquisition de Remorides s.r.l. Remorides, la soci\u00e9t\u00e9 bas\u00e9e \u00e0 Mantoue qui a r\u00e9volutionn\u00e9 le monde des inspections et des contr\u00f4les critiques, entre dans le Groupe Dylog par le biais du v\u00e9hicule de Tesar S.p.A., la soci\u00e9t\u00e9 du Groupe qui m\u00e8ne le d\u00e9veloppement&hellip;\" \/>\n<meta property=\"og:url\" content=\"https:\/\/www.remorides.com\/fr\/nouvelles\/remorides-rejoint-le-groupe-dylog\/\" \/>\n<meta property=\"og:site_name\" content=\"Remorides\" \/>\n<meta property=\"article:publisher\" content=\"https:\/\/www.facebook.com\/remorides\/\" \/>\n<meta property=\"article:published_time\" content=\"2023-09-14T06:35:43+00:00\" \/>\n<meta property=\"article:modified_time\" content=\"2023-10-03T13:42:21+00:00\" \/>\n<meta property=\"og:image\" content=\"https:\/\/www.remorides.com\/wp-content\/uploads\/2023\/09\/remorides-entra-nel-gruppo-dylog-e1694615211603.jpg\" \/>\n\t<meta property=\"og:image:width\" content=\"1200\" \/>\n\t<meta property=\"og:image:height\" content=\"1200\" \/>\n\t<meta property=\"og:image:type\" content=\"image\/jpeg\" \/>\n<meta name=\"author\" content=\"remorides\" \/>\n<meta name=\"twitter:card\" content=\"summary_large_image\" \/>\n<meta name=\"twitter:creator\" content=\"@Remorides\" \/>\n<meta name=\"twitter:site\" content=\"@Remorides\" \/>\n<meta name=\"twitter:label1\" content=\"\u00c9crit par\" \/>\n\t<meta name=\"twitter:data1\" content=\"remorides\" \/>\n\t<meta name=\"twitter:label2\" content=\"Dur\u00e9e de lecture estim\u00e9e\" \/>\n\t<meta name=\"twitter:data2\" content=\"3 minutes\" \/>\n<script type=\"application\/ld+json\" class=\"yoast-schema-graph\">{\"@context\":\"https:\\\/\\\/schema.org\",\"@graph\":[{\"@type\":\"Article\",\"@id\":\"https:\\\/\\\/www.remorides.com\\\/fr\\\/nouvelles\\\/remorides-rejoint-le-groupe-dylog\\\/#article\",\"isPartOf\":{\"@id\":\"https:\\\/\\\/www.remorides.com\\\/fr\\\/nouvelles\\\/remorides-rejoint-le-groupe-dylog\\\/\"},\"author\":{\"name\":\"remorides\",\"@id\":\"https:\\\/\\\/www.remorides.com\\\/fr\\\/#\\\/schema\\\/person\\\/ee86a12bfbc99a231103016c1de53393\"},\"headline\":\"Remorides rejoint le Groupe Dylog\",\"datePublished\":\"2023-09-14T06:35:43+00:00\",\"dateModified\":\"2023-10-03T13:42:21+00:00\",\"mainEntityOfPage\":{\"@id\":\"https:\\\/\\\/www.remorides.com\\\/fr\\\/nouvelles\\\/remorides-rejoint-le-groupe-dylog\\\/\"},\"wordCount\":546,\"publisher\":{\"@id\":\"https:\\\/\\\/www.remorides.com\\\/fr\\\/#organization\"},\"image\":{\"@id\":\"https:\\\/\\\/www.remorides.com\\\/fr\\\/nouvelles\\\/remorides-rejoint-le-groupe-dylog\\\/#primaryimage\"},\"thumbnailUrl\":\"https:\\\/\\\/www.remorides.com\\\/wp-content\\\/uploads\\\/2023\\\/09\\\/remorides-entra-nel-gruppo-dylog-e1694615211603.jpg\",\"articleSection\":[\"Nouvelles\"],\"inLanguage\":\"fr-FR\"},{\"@type\":\"WebPage\",\"@id\":\"https:\\\/\\\/www.remorides.com\\\/fr\\\/nouvelles\\\/remorides-rejoint-le-groupe-dylog\\\/\",\"url\":\"https:\\\/\\\/www.remorides.com\\\/fr\\\/nouvelles\\\/remorides-rejoint-le-groupe-dylog\\\/\",\"name\":\"Remorides rejoint le Groupe Dylog - Remorides\",\"isPartOf\":{\"@id\":\"https:\\\/\\\/www.remorides.com\\\/fr\\\/#website\"},\"primaryImageOfPage\":{\"@id\":\"https:\\\/\\\/www.remorides.com\\\/fr\\\/nouvelles\\\/remorides-rejoint-le-groupe-dylog\\\/#primaryimage\"},\"image\":{\"@id\":\"https:\\\/\\\/www.remorides.com\\\/fr\\\/nouvelles\\\/remorides-rejoint-le-groupe-dylog\\\/#primaryimage\"},\"thumbnailUrl\":\"https:\\\/\\\/www.remorides.com\\\/wp-content\\\/uploads\\\/2023\\\/09\\\/remorides-entra-nel-gruppo-dylog-e1694615211603.jpg\",\"datePublished\":\"2023-09-14T06:35:43+00:00\",\"dateModified\":\"2023-10-03T13:42:21+00:00\",\"breadcrumb\":{\"@id\":\"https:\\\/\\\/www.remorides.com\\\/fr\\\/nouvelles\\\/remorides-rejoint-le-groupe-dylog\\\/#breadcrumb\"},\"inLanguage\":\"fr-FR\",\"potentialAction\":[{\"@type\":\"ReadAction\",\"target\":[\"https:\\\/\\\/www.remorides.com\\\/fr\\\/nouvelles\\\/remorides-rejoint-le-groupe-dylog\\\/\"]}]},{\"@type\":\"ImageObject\",\"inLanguage\":\"fr-FR\",\"@id\":\"https:\\\/\\\/www.remorides.com\\\/fr\\\/nouvelles\\\/remorides-rejoint-le-groupe-dylog\\\/#primaryimage\",\"url\":\"https:\\\/\\\/www.remorides.com\\\/wp-content\\\/uploads\\\/2023\\\/09\\\/remorides-entra-nel-gruppo-dylog-e1694615211603.jpg\",\"contentUrl\":\"https:\\\/\\\/www.remorides.com\\\/wp-content\\\/uploads\\\/2023\\\/09\\\/remorides-entra-nel-gruppo-dylog-e1694615211603.jpg\",\"width\":1200,\"height\":1200},{\"@type\":\"BreadcrumbList\",\"@id\":\"https:\\\/\\\/www.remorides.com\\\/fr\\\/nouvelles\\\/remorides-rejoint-le-groupe-dylog\\\/#breadcrumb\",\"itemListElement\":[{\"@type\":\"ListItem\",\"position\":1,\"name\":\"Home\",\"item\":\"https:\\\/\\\/www.remorides.com\\\/fr\\\/\"},{\"@type\":\"ListItem\",\"position\":2,\"name\":\"Remorides rejoint le Groupe Dylog\"}]},{\"@type\":\"WebSite\",\"@id\":\"https:\\\/\\\/www.remorides.com\\\/fr\\\/#website\",\"url\":\"https:\\\/\\\/www.remorides.com\\\/fr\\\/\",\"name\":\"Remorides Srl\",\"description\":\"\",\"publisher\":{\"@id\":\"https:\\\/\\\/www.remorides.com\\\/fr\\\/#organization\"},\"potentialAction\":[{\"@type\":\"SearchAction\",\"target\":{\"@type\":\"EntryPoint\",\"urlTemplate\":\"https:\\\/\\\/www.remorides.com\\\/fr\\\/?s={search_term_string}\"},\"query-input\":{\"@type\":\"PropertyValueSpecification\",\"valueRequired\":true,\"valueName\":\"search_term_string\"}}],\"inLanguage\":\"fr-FR\"},{\"@type\":\"Organization\",\"@id\":\"https:\\\/\\\/www.remorides.com\\\/fr\\\/#organization\",\"name\":\"Remorides Srl\",\"url\":\"https:\\\/\\\/www.remorides.com\\\/fr\\\/\",\"logo\":{\"@type\":\"ImageObject\",\"inLanguage\":\"fr-FR\",\"@id\":\"https:\\\/\\\/www.remorides.com\\\/fr\\\/#\\\/schema\\\/logo\\\/image\\\/\",\"url\":\"https:\\\/\\\/www.remorides.com\\\/wp-content\\\/uploads\\\/2023\\\/05\\\/remorides_france_t_logo_white.png\",\"contentUrl\":\"https:\\\/\\\/www.remorides.com\\\/wp-content\\\/uploads\\\/2023\\\/05\\\/remorides_france_t_logo_white.png\",\"width\":235,\"height\":77,\"caption\":\"Remorides Srl\"},\"image\":{\"@id\":\"https:\\\/\\\/www.remorides.com\\\/fr\\\/#\\\/schema\\\/logo\\\/image\\\/\"},\"sameAs\":[\"https:\\\/\\\/www.facebook.com\\\/remorides\\\/\",\"https:\\\/\\\/x.com\\\/Remorides\",\"https:\\\/\\\/www.youtube.com\\\/channel\\\/UCx51ru1cqY_gIui4GKCZDpA\",\"https:\\\/\\\/www.linkedin.com\\\/company\\\/remorides\\\/\"]},{\"@type\":\"Person\",\"@id\":\"https:\\\/\\\/www.remorides.com\\\/fr\\\/#\\\/schema\\\/person\\\/ee86a12bfbc99a231103016c1de53393\",\"name\":\"remorides\",\"image\":{\"@type\":\"ImageObject\",\"inLanguage\":\"fr-FR\",\"@id\":\"https:\\\/\\\/secure.gravatar.com\\\/avatar\\\/b8113ddb11a46a0773b0ecdf095f5dab27cf19ac6916071159195b6eb35fd6b3?s=96&d=mm&r=g\",\"url\":\"https:\\\/\\\/secure.gravatar.com\\\/avatar\\\/b8113ddb11a46a0773b0ecdf095f5dab27cf19ac6916071159195b6eb35fd6b3?s=96&d=mm&r=g\",\"contentUrl\":\"https:\\\/\\\/secure.gravatar.com\\\/avatar\\\/b8113ddb11a46a0773b0ecdf095f5dab27cf19ac6916071159195b6eb35fd6b3?s=96&d=mm&r=g\",\"caption\":\"remorides\"}}]}<\/script>\n<!-- \/ Yoast SEO plugin. -->","yoast_head_json":{"title":"Remorides rejoint le Groupe Dylog - Remorides","robots":{"index":"index","follow":"follow","max-snippet":"max-snippet:-1","max-image-preview":"max-image-preview:large","max-video-preview":"max-video-preview:-1"},"canonical":"https:\/\/www.remorides.com\/fr\/nouvelles\/remorides-rejoint-le-groupe-dylog\/","og_locale":"fr_FR","og_type":"article","og_title":"Remorides rejoint le Groupe Dylog - Remorides","og_description":"[vc_row][vc_column][vc_column_text]Le Groupe Dylog renforce son expertise dans la gestion des syst\u00e8mes industriels avec l&rsquo;acquisition de Remorides s.r.l. Remorides, la soci\u00e9t\u00e9 bas\u00e9e \u00e0 Mantoue qui a r\u00e9volutionn\u00e9 le monde des inspections et des contr\u00f4les critiques, entre dans le Groupe Dylog par le biais du v\u00e9hicule de Tesar S.p.A., la soci\u00e9t\u00e9 du Groupe qui m\u00e8ne le d\u00e9veloppement&hellip;","og_url":"https:\/\/www.remorides.com\/fr\/nouvelles\/remorides-rejoint-le-groupe-dylog\/","og_site_name":"Remorides","article_publisher":"https:\/\/www.facebook.com\/remorides\/","article_published_time":"2023-09-14T06:35:43+00:00","article_modified_time":"2023-10-03T13:42:21+00:00","og_image":[{"width":1200,"height":1200,"url":"https:\/\/www.remorides.com\/wp-content\/uploads\/2023\/09\/remorides-entra-nel-gruppo-dylog-e1694615211603.jpg","type":"image\/jpeg"}],"author":"remorides","twitter_card":"summary_large_image","twitter_creator":"@Remorides","twitter_site":"@Remorides","twitter_misc":{"\u00c9crit par":"remorides","Dur\u00e9e de lecture estim\u00e9e":"3 minutes"},"schema":{"@context":"https:\/\/schema.org","@graph":[{"@type":"Article","@id":"https:\/\/www.remorides.com\/fr\/nouvelles\/remorides-rejoint-le-groupe-dylog\/#article","isPartOf":{"@id":"https:\/\/www.remorides.com\/fr\/nouvelles\/remorides-rejoint-le-groupe-dylog\/"},"author":{"name":"remorides","@id":"https:\/\/www.remorides.com\/fr\/#\/schema\/person\/ee86a12bfbc99a231103016c1de53393"},"headline":"Remorides rejoint le Groupe Dylog","datePublished":"2023-09-14T06:35:43+00:00","dateModified":"2023-10-03T13:42:21+00:00","mainEntityOfPage":{"@id":"https:\/\/www.remorides.com\/fr\/nouvelles\/remorides-rejoint-le-groupe-dylog\/"},"wordCount":546,"publisher":{"@id":"https:\/\/www.remorides.com\/fr\/#organization"},"image":{"@id":"https:\/\/www.remorides.com\/fr\/nouvelles\/remorides-rejoint-le-groupe-dylog\/#primaryimage"},"thumbnailUrl":"https:\/\/www.remorides.com\/wp-content\/uploads\/2023\/09\/remorides-entra-nel-gruppo-dylog-e1694615211603.jpg","articleSection":["Nouvelles"],"inLanguage":"fr-FR"},{"@type":"WebPage","@id":"https:\/\/www.remorides.com\/fr\/nouvelles\/remorides-rejoint-le-groupe-dylog\/","url":"https:\/\/www.remorides.com\/fr\/nouvelles\/remorides-rejoint-le-groupe-dylog\/","name":"Remorides rejoint le Groupe Dylog - Remorides","isPartOf":{"@id":"https:\/\/www.remorides.com\/fr\/#website"},"primaryImageOfPage":{"@id":"https:\/\/www.remorides.com\/fr\/nouvelles\/remorides-rejoint-le-groupe-dylog\/#primaryimage"},"image":{"@id":"https:\/\/www.remorides.com\/fr\/nouvelles\/remorides-rejoint-le-groupe-dylog\/#primaryimage"},"thumbnailUrl":"https:\/\/www.remorides.com\/wp-content\/uploads\/2023\/09\/remorides-entra-nel-gruppo-dylog-e1694615211603.jpg","datePublished":"2023-09-14T06:35:43+00:00","dateModified":"2023-10-03T13:42:21+00:00","breadcrumb":{"@id":"https:\/\/www.remorides.com\/fr\/nouvelles\/remorides-rejoint-le-groupe-dylog\/#breadcrumb"},"inLanguage":"fr-FR","potentialAction":[{"@type":"ReadAction","target":["https:\/\/www.remorides.com\/fr\/nouvelles\/remorides-rejoint-le-groupe-dylog\/"]}]},{"@type":"ImageObject","inLanguage":"fr-FR","@id":"https:\/\/www.remorides.com\/fr\/nouvelles\/remorides-rejoint-le-groupe-dylog\/#primaryimage","url":"https:\/\/www.remorides.com\/wp-content\/uploads\/2023\/09\/remorides-entra-nel-gruppo-dylog-e1694615211603.jpg","contentUrl":"https:\/\/www.remorides.com\/wp-content\/uploads\/2023\/09\/remorides-entra-nel-gruppo-dylog-e1694615211603.jpg","width":1200,"height":1200},{"@type":"BreadcrumbList","@id":"https:\/\/www.remorides.com\/fr\/nouvelles\/remorides-rejoint-le-groupe-dylog\/#breadcrumb","itemListElement":[{"@type":"ListItem","position":1,"name":"Home","item":"https:\/\/www.remorides.com\/fr\/"},{"@type":"ListItem","position":2,"name":"Remorides rejoint le Groupe Dylog"}]},{"@type":"WebSite","@id":"https:\/\/www.remorides.com\/fr\/#website","url":"https:\/\/www.remorides.com\/fr\/","name":"Remorides Srl","description":"","publisher":{"@id":"https:\/\/www.remorides.com\/fr\/#organization"},"potentialAction":[{"@type":"SearchAction","target":{"@type":"EntryPoint","urlTemplate":"https:\/\/www.remorides.com\/fr\/?s={search_term_string}"},"query-input":{"@type":"PropertyValueSpecification","valueRequired":true,"valueName":"search_term_string"}}],"inLanguage":"fr-FR"},{"@type":"Organization","@id":"https:\/\/www.remorides.com\/fr\/#organization","name":"Remorides Srl","url":"https:\/\/www.remorides.com\/fr\/","logo":{"@type":"ImageObject","inLanguage":"fr-FR","@id":"https:\/\/www.remorides.com\/fr\/#\/schema\/logo\/image\/","url":"https:\/\/www.remorides.com\/wp-content\/uploads\/2023\/05\/remorides_france_t_logo_white.png","contentUrl":"https:\/\/www.remorides.com\/wp-content\/uploads\/2023\/05\/remorides_france_t_logo_white.png","width":235,"height":77,"caption":"Remorides Srl"},"image":{"@id":"https:\/\/www.remorides.com\/fr\/#\/schema\/logo\/image\/"},"sameAs":["https:\/\/www.facebook.com\/remorides\/","https:\/\/x.com\/Remorides","https:\/\/www.youtube.com\/channel\/UCx51ru1cqY_gIui4GKCZDpA","https:\/\/www.linkedin.com\/company\/remorides\/"]},{"@type":"Person","@id":"https:\/\/www.remorides.com\/fr\/#\/schema\/person\/ee86a12bfbc99a231103016c1de53393","name":"remorides","image":{"@type":"ImageObject","inLanguage":"fr-FR","@id":"https:\/\/secure.gravatar.com\/avatar\/b8113ddb11a46a0773b0ecdf095f5dab27cf19ac6916071159195b6eb35fd6b3?s=96&d=mm&r=g","url":"https:\/\/secure.gravatar.com\/avatar\/b8113ddb11a46a0773b0ecdf095f5dab27cf19ac6916071159195b6eb35fd6b3?s=96&d=mm&r=g","contentUrl":"https:\/\/secure.gravatar.com\/avatar\/b8113ddb11a46a0773b0ecdf095f5dab27cf19ac6916071159195b6eb35fd6b3?s=96&d=mm&r=g","caption":"remorides"}}]}},"_links":{"self":[{"href":"https:\/\/www.remorides.com\/fr\/wp-json\/wp\/v2\/posts\/61586","targetHints":{"allow":["GET"]}}],"collection":[{"href":"https:\/\/www.remorides.com\/fr\/wp-json\/wp\/v2\/posts"}],"about":[{"href":"https:\/\/www.remorides.com\/fr\/wp-json\/wp\/v2\/types\/post"}],"author":[{"embeddable":true,"href":"https:\/\/www.remorides.com\/fr\/wp-json\/wp\/v2\/users\/3"}],"replies":[{"embeddable":true,"href":"https:\/\/www.remorides.com\/fr\/wp-json\/wp\/v2\/comments?post=61586"}],"version-history":[{"count":0,"href":"https:\/\/www.remorides.com\/fr\/wp-json\/wp\/v2\/posts\/61586\/revisions"}],"wp:featuredmedia":[{"embeddable":true,"href":"https:\/\/www.remorides.com\/fr\/wp-json\/wp\/v2\/media\/61553"}],"wp:attachment":[{"href":"https:\/\/www.remorides.com\/fr\/wp-json\/wp\/v2\/media?parent=61586"}],"wp:term":[{"taxonomy":"category","embeddable":true,"href":"https:\/\/www.remorides.com\/fr\/wp-json\/wp\/v2\/categories?post=61586"},{"taxonomy":"post_tag","embeddable":true,"href":"https:\/\/www.remorides.com\/fr\/wp-json\/wp\/v2\/tags?post=61586"},{"taxonomy":"area","embeddable":true,"href":"https:\/\/www.remorides.com\/fr\/wp-json\/wp\/v2\/area?post=61586"},{"taxonomy":"typology","embeddable":true,"href":"https:\/\/www.remorides.com\/fr\/wp-json\/wp\/v2\/typology?post=61586"}],"curies":[{"name":"wp","href":"https:\/\/api.w.org\/{rel}","templated":true}]}}